{"id":17410,"date":"2019-03-28T22:12:01","date_gmt":"2019-03-28T22:12:01","guid":{"rendered":"https:\/\/www.yachaytech.edu.ec\/?post_type=noticia&#038;p=17410"},"modified":"2024-08-26T02:30:39","modified_gmt":"2024-08-26T02:30:39","slug":"reunion-resg","status":"publish","type":"noticia","link":"http:\/\/yachaytech.edu.ec\/en\/noticia\/reunion-resg\/","title":{"rendered":"Red de Educaci\u00f3n Superior y G\u00e9nero se re\u00fane en Yachay Tech"},"content":{"rendered":"<p style=\"text-align: right;\">28 de marzo de 2019<\/p>\n<p><span style=\"font-weight: 400;\">La Red de Educaci\u00f3n Superior y G\u00e9nero (RESG) tendr\u00e1 una reuni\u00f3n ampliada en las instalaciones de la Universidad Yachay Tech. A la reuni\u00f3n asistir\u00e1n representantes de varias universidades del Ecuador. El evento contar\u00e1 con una serie de charlas relacionadas a la tem\u00e1tica de G\u00e9nero en la educaci\u00f3n superior. Se llevar\u00e1 a cabo en la Plaza del Ingenio, a partir de las 10:00, el 29 de marzo de 2019, y estar\u00e1 abierta al p\u00fablico.<\/span><\/p>\n<p><span style=\"font-weight: 400;\">La primera mitad de la jornada estar\u00e1 cubierta por un panel que tratar\u00e1 la tem\u00e1tica \u201cMujeres en la ciencia y la Academia\u201d. En el panel participar\u00e1n Luciana Saman\u00e9, Ph.D., de la Universidad Yachay Tech, quien tratar\u00e1 la tem\u00e1tica de Filosof\u00eda y feminismo. Continuar\u00e1 Sara Brise\u00f1o, Ph.D., de Yachay Tech, quien hablar\u00e1 acerca del papel de las mujeres en la ciencia y la tecnolog\u00eda en Latinoam\u00e9rica. Le seguir\u00e1 Hortensia Rodr\u00edguez, Ph.D., de la misma instituci\u00f3n, para tratar el empoderamiento de las mujeres en la ciencia. Finalmente, Teresa S\u00e1nchez, Ph.D., de la Universidad T\u00e9cnica del Norte, explorar\u00e1 la participaci\u00f3n de la mujer en la gesti\u00f3n acad\u00e9mica. El panel ser\u00e1 moderado por Lizzeth Beltr\u00e1n, de Yachay Tech, y F\u00e9lix Paguay, de la Universidad Polit\u00e9cnica Estatal de Carchi.<\/span><\/p>\n<p><span style=\"font-weight: 400;\">Durante la tarde, los miembros de la red discutir\u00e1n asuntos espec\u00edficos del organismo. Este espacio contar\u00e1 con la apertura de Diana Santos, representante de Senescyt, y servir\u00e1 para tratar el estado del proyecto de elaboraci\u00f3n de un directorio de expertos en g\u00e9nero de las universidades ecuatoriana y del desarrollo reglamento de funcionamiento de la RESG. Adicionalmente, Ver\u00f3nica Carchipulla, coordinadora subrogante de bienestar estudiantil, presentar\u00e1 los avances de la Universidad Yachay Tech en el eje de g\u00e9nero.<\/span><\/p>","protected":false},"featured_media":63700,"menu_order":0,"template":"","format":"standard","meta":{"_acf_changed":false,"_coblocks_attr":"","_coblocks_dimensions":"","_coblocks_responsive_height":"","_coblocks_accordion_ie_support":"","inline_featured_image":false},"categories":[136],"tags":[],"class_list":["post-17410","noticia","type-noticia","status-publish","format-standard","has-post-thumbnail","hentry","category-uitey"],"acf":[],"_links":{"self":[{"href":"http:\/\/yachaytech.edu.ec\/en\/wp-json\/wp\/v2\/noticia\/17410","targetHints":{"allow":["GET"]}}],"collection":[{"href":"http:\/\/yachaytech.edu.ec\/en\/wp-json\/wp\/v2\/noticia"}],"about":[{"href":"http:\/\/yachaytech.edu.ec\/en\/wp-json\/wp\/v2\/types\/noticia"}],"wp:featuredmedia":[{"embeddable":true,"href":"http:\/\/yachaytech.edu.ec\/en\/wp-json\/wp\/v2\/media\/63700"}],"wp:attachment":[{"href":"http:\/\/yachaytech.edu.ec\/en\/wp-json\/wp\/v2\/media?parent=17410"}],"wp:term":[{"taxonomy":"category","embeddable":true,"href":"http:\/\/yachaytech.edu.ec\/en\/wp-json\/wp\/v2\/categories?post=17410"},{"taxonomy":"post_tag","embeddable":true,"href":"http:\/\/yachaytech.edu.ec\/en\/wp-json\/wp\/v2\/tags?post=17410"}],"curies":[{"name":"wp","href":"https:\/\/api.w.org\/{rel}","templated":true}]}}